{"id":127,"date":"2022-07-11T18:18:11","date_gmt":"2022-07-11T16:18:11","guid":{"rendered":"https:\/\/valeriemessika-foundation.org\/?p=127"},"modified":"2022-08-31T12:36:31","modified_gmt":"2022-08-31T10:36:31","slug":"projets-la-fondation-valerie-messika-aux-cotes-de-la-fondation-du-top-model-toni-garrn-en-faveur-de-leducation-des-petites-filles-en-afrique","status":"publish","type":"post","link":"https:\/\/valeriemessika-foundation.org\/en\/projets-la-fondation-valerie-messika-aux-cotes-de-la-fondation-du-top-model-toni-garrn-en-faveur-de-leducation-des-petites-filles-en-afrique\/","title":{"rendered":"Fondation Toni Garrn"},"content":{"rendered":"<p class=\"wp-block-paragraph\">La Fondation Val\u00e9rie Messika aux cot\u00e9s de la fondation du top model Toni Garrn en faveur de l\u2019\u00e9ducation des petites filles en Afrique<\/p>\r\n\r\n\r\n\r\n<p class=\"has-cyan-bluish-gray-color has-text-color has-small-font-size wp-block-paragraph\">Mai 2022<\/p>\r\n\r\n\r\n\r\n<ul class=\"wp-block-list\">\r\n<li><strong>O\u00f9\u00a0: Uganda, Ghana, Burundi<\/strong><\/li>\r\n<li><strong>Quand\u00a0: 2022<\/strong><\/li>\r\n<li><strong>Qui\u00a0: coll\u00e9giennes<\/strong><\/li>\r\n<\/ul>\r\n\r\n\r\n\r\n<p class=\"wp-block-paragraph\">La pauvret\u00e9, les distances font que de nombreuses petites filles en Afrique n&rsquo;ont pas la chance de recevoir une \u00e9ducation. Pourtant on sait que seule l&rsquo;\u00e9ducation permet l&rsquo;autonomisation, la r\u00e9duction des mariages et grossesses pr\u00e9coces et finalement la mise en place de v\u00e9ritables d\u00e9mocraties. La Fondation Toni Garrn a \u00e9t\u00e9 fond\u00e9e en 2016, pour soutenir les initiatives d&rsquo;\u00e9ducation des filles en Afrique. L&rsquo;objectif est d&rsquo;autonomiser l&rsquo;individu et avec lui sa famille et sa communaut\u00e9 locale. La fondation travaille en \u00e9troite collaboration avec les \u00e9coles locales, les communaut\u00e9s et les acteurs du changement afin de fournir aux jeunes femmes et jeunes filles une infrastructure qui soutienne leur \u00e9ducation et leur d\u00e9veloppement personnel. L&rsquo;\u00e9ducation est au c\u0153ur des pr\u00e9occupations de la fondation, mais son approche globale (sant\u00e9, accueil, logement, mentorat) permet \u00a0de couvrir tous les aspects du sentiment de \u00ab\u00a0s\u00e9curit\u00e9\u00a0\u00bb indispensable \u00e0 la poursuite des \u00e9tudes.<br \/><a href=\"https:\/\/tonigarrnfoundation.org\/\" target=\"_blank\" rel=\"noreferrer noopener\">https:\/\/tonigarrnfoundation.org\/<\/a><\/p>\r\n\r\n\r\n\r\n<p class=\"wp-block-paragraph\">&nbsp;<\/p>\r\n\r\n\r\n\r\n<figure class=\"wp-block-image size-large\"><img data-recalc-dims=\"1\" loading=\"lazy\" decoding=\"async\" width=\"640\" height=\"425\" data-attachment-id=\"415\" data-permalink=\"https:\/\/valeriemessika-foundation.org\/en\/projets-la-fondation-valerie-messika-aux-cotes-de-la-fondation-du-top-model-toni-garrn-en-faveur-de-leducation-des-petites-filles-en-afrique\/toni-arnn\/\" data-orig-file=\"https:\/\/i0.wp.com\/valeriemessika-foundation.org\/wp-content\/uploads\/2022\/07\/toni-arnn.webp?fit=1680%2C1115&amp;ssl=1\" data-orig-size=\"1680,1115\" data-comments-opened=\"1\" data-image-meta=\"{&quot;aperture&quot;:&quot;0&quot;,&quot;credit&quot;:&quot;&quot;,&quot;camera&quot;:&quot;&quot;,&quot;caption&quot;:&quot;&quot;,&quot;created_timestamp&quot;:&quot;0&quot;,&quot;copyright&quot;:&quot;&quot;,&quot;focal_length&quot;:&quot;0&quot;,&quot;iso&quot;:&quot;0&quot;,&quot;shutter_speed&quot;:&quot;0&quot;,&quot;title&quot;:&quot;&quot;,&quot;orientation&quot;:&quot;0&quot;}\" data-image-title=\"toni-arnn\" data-image-description=\"\" data-image-caption=\"\" data-large-file=\"https:\/\/i0.wp.com\/valeriemessika-foundation.org\/wp-content\/uploads\/2022\/07\/toni-arnn.webp?fit=640%2C425&amp;ssl=1\" class=\"wp-image-415\" src=\"https:\/\/i0.wp.com\/valeriemessika-foundation.org\/wp-content\/uploads\/2022\/07\/toni-arnn.webp?resize=640%2C425&#038;ssl=1\" alt=\"\" \/><\/figure>","protected":false},"excerpt":{"rendered":"<p>La Fondation Val\u00e9rie Messika aux cot\u00e9s de la fondation du top model Toni Garrn en faveur de l\u2019\u00e9ducation des petites filles en Afrique Mai 2022 O\u00f9\u00a0: Uganda, Ghana, Burundi Quand\u00a0: 2022 Qui\u00a0: coll\u00e9giennes La pauvret\u00e9, les distances font que de nombreuses petites filles en Afrique n&rsquo;ont pas la chance de recevoir une \u00e9ducation. Pourtant on [&hellip;]<\/p>\n","protected":false},"author":220416335,"featured_media":0,"comment_status":"open","ping_status":"open","sticky":false,"template":"header-footer-only","format":"standard","meta":{"_acf_changed":false,"advanced_seo_description":"","jetpack_seo_html_title":"","jetpack_seo_noindex":false,"jetpack_seo_schema_type":"","_jetpack_newsletter_access":"","_jetpack_dont_email_post_to_subs":false,"_jetpack_newsletter_tier_id":0,"_jetpack_memberships_contains_paywalled_content":false,"_wpcom_ai_launchpad_first_post":false,"_jetpack_feature_clip_id":0,"_jetpack_memberships_contains_paid_content":false,"footnotes":"","jetpack_publicize_message":"{title}\n\n{excerpt}\n\n{url}","jetpack_publicize_feature_enabled":true,"jetpack_social_post_already_shared":false,"jetpack_social_options":{"image_generator_settings":{"template":"highway","default_image_id":0,"font":"","enabled":false},"version":2},"_wpas_customize_per_network":false,"jetpack_post_was_ever_published":false},"categories":[973333],"tags":[],"class_list":["post-127","post","type-post","status-publish","format-standard","hentry","category-nos-projets"],"acf":[],"jetpack_publicize_connections":[],"jetpack_likes_enabled":false,"jetpack_sharing_enabled":true,"jetpack_shortlink":"https:\/\/wp.me\/pe7Us5-23","jetpack_featured_media_url":"","_links":{"self":[{"href":"https:\/\/valeriemessika-foundation.org\/en\/wp-json\/wp\/v2\/posts\/127","targetHints":{"allow":["GET"]}}],"collection":[{"href":"https:\/\/valeriemessika-foundation.org\/en\/wp-json\/wp\/v2\/posts"}],"about":[{"href":"https:\/\/valeriemessika-foundation.org\/en\/wp-json\/wp\/v2\/types\/post"}],"author":[{"embeddable":true,"href":"https:\/\/valeriemessika-foundation.org\/en\/wp-json\/wp\/v2\/users\/220416335"}],"replies":[{"embeddable":true,"href":"https:\/\/valeriemessika-foundation.org\/en\/wp-json\/wp\/v2\/comments?post=127"}],"version-history":[{"count":11,"href":"https:\/\/valeriemessika-foundation.org\/en\/wp-json\/wp\/v2\/posts\/127\/revisions"}],"predecessor-version":[{"id":725,"href":"https:\/\/valeriemessika-foundation.org\/en\/wp-json\/wp\/v2\/posts\/127\/revisions\/725"}],"wp:attachment":[{"href":"https:\/\/valeriemessika-foundation.org\/en\/wp-json\/wp\/v2\/media?parent=127"}],"wp:term":[{"taxonomy":"category","embeddable":true,"href":"https:\/\/valeriemessika-foundation.org\/en\/wp-json\/wp\/v2\/categories?post=127"},{"taxonomy":"post_tag","embeddable":true,"href":"https:\/\/valeriemessika-foundation.org\/en\/wp-json\/wp\/v2\/tags?post=127"}],"curies":[{"name":"wp","href":"https:\/\/api.w.org\/{rel}","templated":true}]}}